{"id":245,"date":"2011-04-25T09:00:34","date_gmt":"2011-04-25T07:00:34","guid":{"rendered":"https:\/\/www.marcopalombo.it\/photo\/?p=245"},"modified":"2020-10-11T16:04:34","modified_gmt":"2020-10-11T14:04:34","slug":"giardino-di-ninfa","status":"publish","type":"post","link":"https:\/\/www.marcopalombo.it\/photo\/giardino-di-ninfa\/","title":{"rendered":"Giardino di Ninfa"},"content":{"rendered":"<p style=\"text-align: justify;\">Il paese di Ninfa, il cui nome sembra derivare da un tempio di et\u00e0 classica dedicato alle Ninfe<sup id=\"cite_ref-Storia_N&amp;G_1-0\" class=\"reference\"><\/sup>, presente su un isolotto del piccolo lago, doveva esistere gi\u00e0 durante l&#8217;epoca romana, ma si trattava di un piccolo centro agricolo. Durante la met\u00e0 dell&#8217;VIII secolo papa Zaccaria ebbe in dono da Costantino V Copronimo, in segno di riconoscenza per aver contrastato l&#8217;avanzata dei Longobardi intercedendo presso il re Liutprando, vaste zone agricole nei pressi di Norma, dove era presente una tenuta di campagna<sup id=\"cite_ref-Storia_Ninfa_2-0\" class=\"reference\"><\/sup>. In questo periodo la via Appia e la via Severiana divennero impraticabili per via dell&#8217;avanzamento della palude e ci\u00f2 comport\u00f2 lo spostamento dei traffici commerciali sulla via pedemontana che transitava nei pressi di Ninfa: l&#8217;imposizione di un pedaggio a chiunque volesse utilizzare la strada si rivel\u00f2 essere una fonte di ricchezza e ben presto Ninfa divenne un piccolo centro urbano, con numerose case e chiese.<\/p>\n<p>[<a href=\"https:\/\/it.wikipedia.org\/wiki\/Giardino_di_Ninfa\" target=\"_blank\" rel=\"noopener noreferrer\">Continua a leggere su wikipedia.org<\/a>]<\/p>\n<p><style>#jtg-244 .modula-item { border: 2px solid #a0a0a0; }#jtg-244 .modula-item { border-radius: 4px; }#jtg-244 .modula-item .jtg-social a, .lightbox-socials.jtg-social a{ color: #ffffff }#jtg-244 .modula-item .jtg-social svg, .lightbox-socials.jtg-social svg { height: 16px; width: 16px }#jtg-244 .modula-item .jtg-social a:not(:last-child), .lightbox-socials.jtg-social a:not(:last-child) { margin-right: 10px }#jtg-244 .modula-item .figc {color:#ffffff;}#jtg-244 .modula-item .modula-item-content { transform: scale(1) }#jtg-244 .modula-items .figc p.description { font-size:14px; }#jtg-244 .modula-items .figc p.description { color:#ffffff;}#jtg-244.modula-gallery .modula-item > a, #jtg-244.modula-gallery .modula-item, #jtg-244.modula-gallery .modula-item-content > a:not(.modula-no-follow) { cursor:zoom-in; } #jtg-244.modula-gallery .modula-item-content .modula-no-follow { cursor: default; } @media screen and (max-width:480px){#jtg-244 .modula-item .figc .jtg-title {  font-size: 12px; }#jtg-244 .modula-items .figc p.description { color:#ffffff;font-size:10px; }}#jtg-244 .modula-items .modula-item:hover img{opacity:1;}<\/style>\n<!-- Gallery Container -->\n<div  id=\"jtg-244\" class=\"modula modula-gallery modula-custom-grid\" data-config=\"{&quot;height&quot;:800,&quot;tabletHeight&quot;:800,&quot;mobileHeight&quot;:800,&quot;desktopHeight&quot;:800,&quot;enableTwitter&quot;:false,&quot;enableWhatsapp&quot;:false,&quot;enableFacebook&quot;:false,&quot;enablePinterest&quot;:false,&quot;enableLinkedin&quot;:false,&quot;enableEmail&quot;:false,&quot;randomFactor&quot;:0.5,&quot;type&quot;:&quot;custom-grid&quot;,&quot;columns&quot;:12,&quot;gutter&quot;:10,&quot;mobileGutter&quot;:10,&quot;tabletGutter&quot;:10,&quot;desktopGutter&quot;:10,&quot;enableResponsive&quot;:&quot;0&quot;,&quot;tabletColumns&quot;:&quot;2&quot;,&quot;mobileColumns&quot;:&quot;1&quot;,&quot;lazyLoad&quot;:&quot;1&quot;,&quot;lightboxOpts&quot;:{&quot;loop&quot;:false,&quot;arrows&quot;:true,&quot;toolbar&quot;:true,&quot;keyboard&quot;:true,&quot;wheel&quot;:false,&quot;buttons&quot;:[&quot;close&quot;],&quot;hash&quot;:false,&quot;lang&quot;:&quot;en&quot;,&quot;touch&quot;:false,&quot;protect&quot;:false,&quot;i18n&quot;:{&quot;en&quot;:{&quot;CLOSE&quot;:&quot;Close&quot;,&quot;NEXT&quot;:&quot;Next&quot;,&quot;PREV&quot;:&quot;Previous&quot;,&quot;Error&quot;:&quot;The requested content cannot be loaded. Please try again later.&quot;,&quot;PLAY_START&quot;:&quot;Start slideshow&quot;,&quot;PLAY_STOP&quot;:&quot;Pause slideshow&quot;,&quot;FULL_SCREEN&quot;:&quot;Full screen&quot;,&quot;THUMBS&quot;:&quot;Thumbnails&quot;,&quot;DOWNLOAD&quot;:&quot;Download&quot;,&quot;SHARE&quot;:&quot;Share&quot;,&quot;ZOOM&quot;:&quot;Zoom&quot;}},&quot;clickSlide&quot;:false,&quot;clickOutside&quot;:false,&quot;dblclickContent&quot;:false,&quot;dblclickSlide&quot;:false,&quot;dblclickOutside&quot;:false,&quot;clickContent&quot;:false,&quot;baseTpl&quot;:&quot;&lt;div class=\\&quot;modula-fancybox-container modula-lightbox-jtg-244\\&quot; role=\\&quot;dialog\\&quot; tabindex=\\&quot;-1\\&quot;&gt;&lt;div class=\\&quot;modula-fancybox-bg\\&quot;&gt;&lt;\\\/div&gt;&lt;div class=\\&quot;modula-fancybox-inner\\&quot;&gt;&lt;div class=\\&quot;modula-fancybox-infobar\\&quot;&gt;&lt;span data-fancybox-index&gt;&lt;\\\/span&gt;&nbsp;\\\/&nbsp;&lt;span data-fancybox-count&gt;&lt;\\\/span&gt;&lt;\\\/div&gt;&lt;div class=\\&quot;modula-fancybox-toolbar\\&quot;&gt;{{buttons}}&lt;\\\/div&gt;&lt;div class=\\&quot;modula-fancybox-navigation\\&quot;&gt;{{arrows}}&lt;\\\/div&gt;&lt;div class=\\&quot;modula-fancybox-stage\\&quot;&gt;&lt;\\\/div&gt;&lt;div class=\\&quot;modula-fancybox-caption\\&quot;&gt;&lt;div class=\\&quot;modula-fancybox-caption__body\\&quot;&gt;&lt;\\\/div&gt;&lt;\\\/div&gt;&lt;\\\/div&gt;&lt;\\\/div&gt;&quot;},&quot;inView&quot;:false,&quot;email_subject&quot;:&quot;Check out this awesome image !!&quot;,&quot;email_message&quot;:&quot;Here is the link to the image : %%image_link%% and this is the link to the gallery : %%gallery_link%%&quot;,&quot;lightbox&quot;:&quot;fancybox&quot;}\">\n\n\t\n\t<!-- Items Container -->\n\t<div  class=\"modula-items\">\n\t\t<div class=\"modula-item\" data-width=\"10\" data-height=\"6\" >\n\t<div class=\"modula-item-content\">\n\t\t\n\t\t\t\t\t<a data-image-id=\"205\" rel=\"jtg-244\" data-caption=\"\" aria-label=\"Open image in lightbox\" class=\"tile-inner modula-item-link\"><\/a>\n\t\t\n\t\t<img class=\"pic wp-image-205 lazyload\"  data-valign=\"middle\" data-halign=\"center\" alt=\"Giardini di Ninfa Fiori Piante Lago Sermoneta Caetani\" data-full=\"https:\/\/www.marcopalombo.it\/photo\/wp-content\/uploads\/2020\/10\/5-6.jpg\" title=\"Giardini di Ninfa\" width=\"300\" height=\"199\" data-src=\"https:\/\/www.marcopalombo.it\/photo\/wp-content\/uploads\/2020\/10\/5-6-300x199.jpg\" data-caption=\"\" data-source=\"modula\" data-srcset=\"https:\/\/www.marcopalombo.it\/photo\/wp-content\/uploads\/2020\/10\/5-6.jpg 1920w, https:\/\/www.marcopalombo.it\/photo\/wp-content\/uploads\/2020\/10\/5-6-300x199.jpg 300w, https:\/\/www.marcopalombo.it\/photo\/wp-content\/uploads\/2020\/10\/5-6-1024x678.jpg 1024w, https:\/\/www.marcopalombo.it\/photo\/wp-content\/uploads\/2020\/10\/5-6-768x509.jpg 768w, https:\/\/www.marcopalombo.it\/photo\/wp-content\/uploads\/2020\/10\/5-6-1536x1018.jpg 1536w, https:\/\/www.marcopalombo.it\/photo\/wp-content\/uploads\/2020\/10\/5-6-1240x822.jpg 1240w, https:\/\/www.marcopalombo.it\/photo\/wp-content\/uploads\/2020\/10\/5-6-508x337.jpg 508w\" data-sizes=\"(max-width: 300px) 100vw, 300px\" \/>\n\t<\/div>\n\n<\/div><div class=\"modula-item\" data-width=\"2\" data-height=\"6\" >\n\t<div class=\"modula-item-content\">\n\t\t\n\t\t\t\t\t<a data-image-id=\"203\" rel=\"jtg-244\" data-caption=\"\" aria-label=\"Open image in lightbox\" class=\"tile-inner modula-item-link\"><\/a>\n\t\t\n\t\t<img class=\"pic wp-image-203 lazyload\"  data-valign=\"middle\" data-halign=\"center\" alt=\"Giardini di Ninfa Fiori Piante Lago Sermoneta Caetani\" data-full=\"https:\/\/www.marcopalombo.it\/photo\/wp-content\/uploads\/2020\/10\/3-6.jpg\" title=\"Giardini di Ninfa\" width=\"300\" height=\"199\" data-src=\"https:\/\/www.marcopalombo.it\/photo\/wp-content\/uploads\/2020\/10\/3-6-300x199.jpg\" data-caption=\"\" data-source=\"modula\" data-srcset=\"https:\/\/www.marcopalombo.it\/photo\/wp-content\/uploads\/2020\/10\/3-6.jpg 1920w, https:\/\/www.marcopalombo.it\/photo\/wp-content\/uploads\/2020\/10\/3-6-300x199.jpg 300w, https:\/\/www.marcopalombo.it\/photo\/wp-content\/uploads\/2020\/10\/3-6-1024x678.jpg 1024w, https:\/\/www.marcopalombo.it\/photo\/wp-content\/uploads\/2020\/10\/3-6-768x509.jpg 768w, https:\/\/www.marcopalombo.it\/photo\/wp-content\/uploads\/2020\/10\/3-6-1536x1018.jpg 1536w, https:\/\/www.marcopalombo.it\/photo\/wp-content\/uploads\/2020\/10\/3-6-1240x822.jpg 1240w, https:\/\/www.marcopalombo.it\/photo\/wp-content\/uploads\/2020\/10\/3-6-508x337.jpg 508w\" data-sizes=\"(max-width: 300px) 100vw, 300px\" \/>\n\t<\/div>\n\n<\/div><div class=\"modula-item\" data-width=\"9\" data-height=\"4\" >\n\t<div class=\"modula-item-content\">\n\t\t\n\t\t\t\t\t<a data-image-id=\"211\" rel=\"jtg-244\" data-caption=\"\" aria-label=\"Open image in lightbox\" class=\"tile-inner modula-item-link\"><\/a>\n\t\t\n\t\t<img class=\"pic wp-image-211 lazyload\"  data-valign=\"middle\" data-halign=\"center\" alt=\"Giardini di Ninfa Fiori Piante Lago Sermoneta Caetani\" data-full=\"https:\/\/www.marcopalombo.it\/photo\/wp-content\/uploads\/2020\/10\/11-6.jpg\" title=\"Giardini di Ninfa\" width=\"300\" height=\"199\" data-src=\"https:\/\/www.marcopalombo.it\/photo\/wp-content\/uploads\/2020\/10\/11-6-300x199.jpg\" data-caption=\"\" data-source=\"modula\" data-srcset=\"https:\/\/www.marcopalombo.it\/photo\/wp-content\/uploads\/2020\/10\/11-6.jpg 1920w, https:\/\/www.marcopalombo.it\/photo\/wp-content\/uploads\/2020\/10\/11-6-300x199.jpg 300w, https:\/\/www.marcopalombo.it\/photo\/wp-content\/uploads\/2020\/10\/11-6-1024x678.jpg 1024w, https:\/\/www.marcopalombo.it\/photo\/wp-content\/uploads\/2020\/10\/11-6-768x509.jpg 768w, https:\/\/www.marcopalombo.it\/photo\/wp-content\/uploads\/2020\/10\/11-6-1536x1018.jpg 1536w, https:\/\/www.marcopalombo.it\/photo\/wp-content\/uploads\/2020\/10\/11-6-1240x822.jpg 1240w, https:\/\/www.marcopalombo.it\/photo\/wp-content\/uploads\/2020\/10\/11-6-508x337.jpg 508w\" data-sizes=\"(max-width: 300px) 100vw, 300px\" \/>\n\t<\/div>\n\n<\/div><div class=\"modula-item\" data-width=\"3\" data-height=\"7\" >\n\t<div class=\"modula-item-content\">\n\t\t\n\t\t\t\t\t<a data-image-id=\"210\" rel=\"jtg-244\" data-caption=\"\" aria-label=\"Open image in lightbox\" class=\"tile-inner modula-item-link\"><\/a>\n\t\t\n\t\t<img class=\"pic wp-image-210 lazyload\"  data-valign=\"middle\" data-halign=\"center\" alt=\"Giardini di Ninfa Fiori Piante Lago Sermoneta Caetani\" data-full=\"https:\/\/www.marcopalombo.it\/photo\/wp-content\/uploads\/2020\/10\/10-6.jpg\" title=\"Giardini di Ninfa\" width=\"300\" height=\"199\" data-src=\"https:\/\/www.marcopalombo.it\/photo\/wp-content\/uploads\/2020\/10\/10-6-300x199.jpg\" data-caption=\"\" data-source=\"modula\" data-srcset=\"https:\/\/www.marcopalombo.it\/photo\/wp-content\/uploads\/2020\/10\/10-6.jpg 1920w, https:\/\/www.marcopalombo.it\/photo\/wp-content\/uploads\/2020\/10\/10-6-300x199.jpg 300w, https:\/\/www.marcopalombo.it\/photo\/wp-content\/uploads\/2020\/10\/10-6-1024x678.jpg 1024w, https:\/\/www.marcopalombo.it\/photo\/wp-content\/uploads\/2020\/10\/10-6-768x509.jpg 768w, https:\/\/www.marcopalombo.it\/photo\/wp-content\/uploads\/2020\/10\/10-6-1536x1018.jpg 1536w, https:\/\/www.marcopalombo.it\/photo\/wp-content\/uploads\/2020\/10\/10-6-1240x822.jpg 1240w, https:\/\/www.marcopalombo.it\/photo\/wp-content\/uploads\/2020\/10\/10-6-508x337.jpg 508w\" data-sizes=\"(max-width: 300px) 100vw, 300px\" \/>\n\t<\/div>\n\n<\/div><div class=\"modula-item\" data-width=\"2\" data-height=\"2\" >\n\t<div class=\"modula-item-content\">\n\t\t\n\t\t\t\t\t<a data-image-id=\"204\" rel=\"jtg-244\" data-caption=\"\" aria-label=\"Open image in lightbox\" class=\"tile-inner modula-item-link\"><\/a>\n\t\t\n\t\t<img class=\"pic wp-image-204 lazyload\"  data-valign=\"middle\" data-halign=\"center\" alt=\"Giardini di Ninfa Fiori Piante Lago Sermoneta Caetani\" data-full=\"https:\/\/www.marcopalombo.it\/photo\/wp-content\/uploads\/2020\/10\/4-6.jpg\" title=\"Giardini di Ninfa\" width=\"300\" height=\"199\" data-src=\"https:\/\/www.marcopalombo.it\/photo\/wp-content\/uploads\/2020\/10\/4-6-300x199.jpg\" data-caption=\"\" data-source=\"modula\" data-srcset=\"https:\/\/www.marcopalombo.it\/photo\/wp-content\/uploads\/2020\/10\/4-6.jpg 1920w, https:\/\/www.marcopalombo.it\/photo\/wp-content\/uploads\/2020\/10\/4-6-300x199.jpg 300w, https:\/\/www.marcopalombo.it\/photo\/wp-content\/uploads\/2020\/10\/4-6-1024x678.jpg 1024w, https:\/\/www.marcopalombo.it\/photo\/wp-content\/uploads\/2020\/10\/4-6-768x509.jpg 768w, https:\/\/www.marcopalombo.it\/photo\/wp-content\/uploads\/2020\/10\/4-6-1536x1018.jpg 1536w, https:\/\/www.marcopalombo.it\/photo\/wp-content\/uploads\/2020\/10\/4-6-1240x822.jpg 1240w, https:\/\/www.marcopalombo.it\/photo\/wp-content\/uploads\/2020\/10\/4-6-508x337.jpg 508w\" data-sizes=\"(max-width: 300px) 100vw, 300px\" \/>\n\t<\/div>\n\n<\/div><div class=\"modula-item\" data-width=\"7\" data-height=\"5\" >\n\t<div class=\"modula-item-content\">\n\t\t\n\t\t\t\t\t<a data-image-id=\"201\" rel=\"jtg-244\" data-caption=\"\" aria-label=\"Open image in lightbox\" class=\"tile-inner modula-item-link\"><\/a>\n\t\t\n\t\t<img class=\"pic wp-image-201 lazyload\"  data-valign=\"middle\" data-halign=\"center\" alt=\"Giardini di Ninfa Fiori Piante Lago Sermoneta Caetani\" data-full=\"https:\/\/www.marcopalombo.it\/photo\/wp-content\/uploads\/2020\/10\/1-6.jpg\" title=\"Giardini di Ninfa\" width=\"300\" height=\"199\" data-src=\"https:\/\/www.marcopalombo.it\/photo\/wp-content\/uploads\/2020\/10\/1-6-300x199.jpg\" data-caption=\"\" data-source=\"modula\" data-srcset=\"https:\/\/www.marcopalombo.it\/photo\/wp-content\/uploads\/2020\/10\/1-6.jpg 1920w, https:\/\/www.marcopalombo.it\/photo\/wp-content\/uploads\/2020\/10\/1-6-300x199.jpg 300w, https:\/\/www.marcopalombo.it\/photo\/wp-content\/uploads\/2020\/10\/1-6-1024x678.jpg 1024w, https:\/\/www.marcopalombo.it\/photo\/wp-content\/uploads\/2020\/10\/1-6-768x509.jpg 768w, https:\/\/www.marcopalombo.it\/photo\/wp-content\/uploads\/2020\/10\/1-6-1536x1018.jpg 1536w, https:\/\/www.marcopalombo.it\/photo\/wp-content\/uploads\/2020\/10\/1-6-1240x822.jpg 1240w, https:\/\/www.marcopalombo.it\/photo\/wp-content\/uploads\/2020\/10\/1-6-508x337.jpg 508w\" data-sizes=\"(max-width: 300px) 100vw, 300px\" \/>\n\t<\/div>\n\n<\/div><div class=\"modula-item\" data-width=\"2\" data-height=\"3\" >\n\t<div class=\"modula-item-content\">\n\t\t\n\t\t\t\t\t<a data-image-id=\"208\" rel=\"jtg-244\" data-caption=\"\" aria-label=\"Open image in lightbox\" class=\"tile-inner modula-item-link\"><\/a>\n\t\t\n\t\t<img class=\"pic wp-image-208 lazyload\"  data-valign=\"middle\" data-halign=\"center\" alt=\"Giardini di Ninfa Fiori Piante Lago Sermoneta Caetani\" data-full=\"https:\/\/www.marcopalombo.it\/photo\/wp-content\/uploads\/2020\/10\/8-6.jpg\" title=\"Giardini di Ninfa\" width=\"300\" height=\"199\" data-src=\"https:\/\/www.marcopalombo.it\/photo\/wp-content\/uploads\/2020\/10\/8-6-300x199.jpg\" data-caption=\"\" data-source=\"modula\" data-srcset=\"https:\/\/www.marcopalombo.it\/photo\/wp-content\/uploads\/2020\/10\/8-6.jpg 1920w, https:\/\/www.marcopalombo.it\/photo\/wp-content\/uploads\/2020\/10\/8-6-300x199.jpg 300w, https:\/\/www.marcopalombo.it\/photo\/wp-content\/uploads\/2020\/10\/8-6-1024x678.jpg 1024w, https:\/\/www.marcopalombo.it\/photo\/wp-content\/uploads\/2020\/10\/8-6-768x509.jpg 768w, https:\/\/www.marcopalombo.it\/photo\/wp-content\/uploads\/2020\/10\/8-6-1536x1018.jpg 1536w, https:\/\/www.marcopalombo.it\/photo\/wp-content\/uploads\/2020\/10\/8-6-1240x822.jpg 1240w, https:\/\/www.marcopalombo.it\/photo\/wp-content\/uploads\/2020\/10\/8-6-508x337.jpg 508w\" data-sizes=\"(max-width: 300px) 100vw, 300px\" \/>\n\t<\/div>\n\n<\/div><div class=\"modula-item\" data-width=\"3\" data-height=\"2\" >\n\t<div class=\"modula-item-content\">\n\t\t\n\t\t\t\t\t<a data-image-id=\"213\" rel=\"jtg-244\" data-caption=\"\" aria-label=\"Open image in lightbox\" class=\"tile-inner modula-item-link\"><\/a>\n\t\t\n\t\t<img class=\"pic wp-image-213 lazyload\"  data-valign=\"middle\" data-halign=\"center\" alt=\"Giardini di Ninfa Fiori Piante Lago Sermoneta Caetani\" data-full=\"https:\/\/www.marcopalombo.it\/photo\/wp-content\/uploads\/2020\/10\/13-3.jpg\" title=\"Giardini di Ninfa\" width=\"300\" height=\"199\" data-src=\"https:\/\/www.marcopalombo.it\/photo\/wp-content\/uploads\/2020\/10\/13-3-300x199.jpg\" data-caption=\"\" data-source=\"modula\" data-srcset=\"https:\/\/www.marcopalombo.it\/photo\/wp-content\/uploads\/2020\/10\/13-3.jpg 1920w, https:\/\/www.marcopalombo.it\/photo\/wp-content\/uploads\/2020\/10\/13-3-300x199.jpg 300w, https:\/\/www.marcopalombo.it\/photo\/wp-content\/uploads\/2020\/10\/13-3-1024x678.jpg 1024w, https:\/\/www.marcopalombo.it\/photo\/wp-content\/uploads\/2020\/10\/13-3-768x509.jpg 768w, https:\/\/www.marcopalombo.it\/photo\/wp-content\/uploads\/2020\/10\/13-3-1536x1018.jpg 1536w, https:\/\/www.marcopalombo.it\/photo\/wp-content\/uploads\/2020\/10\/13-3-1240x822.jpg 1240w, https:\/\/www.marcopalombo.it\/photo\/wp-content\/uploads\/2020\/10\/13-3-508x337.jpg 508w\" data-sizes=\"(max-width: 300px) 100vw, 300px\" \/>\n\t<\/div>\n\n<\/div><div class=\"modula-item\" data-width=\"12\" data-height=\"6\" >\n\t<div class=\"modula-item-content\">\n\t\t\n\t\t\t\t\t<a data-image-id=\"212\" rel=\"jtg-244\" data-caption=\"\" aria-label=\"Open image in lightbox\" class=\"tile-inner modula-item-link\"><\/a>\n\t\t\n\t\t<img class=\"pic wp-image-212 lazyload\"  data-valign=\"middle\" data-halign=\"center\" alt=\"Giardini di Ninfa Fiori Piante Lago Sermoneta Caetani\" data-full=\"https:\/\/www.marcopalombo.it\/photo\/wp-content\/uploads\/2020\/10\/12-6.jpg\" title=\"Giardini di Ninfa\" width=\"300\" height=\"199\" data-src=\"https:\/\/www.marcopalombo.it\/photo\/wp-content\/uploads\/2020\/10\/12-6-300x199.jpg\" data-caption=\"\" data-source=\"modula\" data-srcset=\"https:\/\/www.marcopalombo.it\/photo\/wp-content\/uploads\/2020\/10\/12-6.jpg 1920w, https:\/\/www.marcopalombo.it\/photo\/wp-content\/uploads\/2020\/10\/12-6-300x199.jpg 300w, https:\/\/www.marcopalombo.it\/photo\/wp-content\/uploads\/2020\/10\/12-6-1024x678.jpg 1024w, https:\/\/www.marcopalombo.it\/photo\/wp-content\/uploads\/2020\/10\/12-6-768x509.jpg 768w, https:\/\/www.marcopalombo.it\/photo\/wp-content\/uploads\/2020\/10\/12-6-1536x1018.jpg 1536w, https:\/\/www.marcopalombo.it\/photo\/wp-content\/uploads\/2020\/10\/12-6-1240x822.jpg 1240w, https:\/\/www.marcopalombo.it\/photo\/wp-content\/uploads\/2020\/10\/12-6-508x337.jpg 508w\" data-sizes=\"(max-width: 300px) 100vw, 300px\" \/>\n\t<\/div>\n\n<\/div><div class=\"modula-item\" data-width=\"7\" data-height=\"5\" >\n\t<div class=\"modula-item-content\">\n\t\t\n\t\t\t\t\t<a data-image-id=\"207\" rel=\"jtg-244\" data-caption=\"\" aria-label=\"Open image in lightbox\" class=\"tile-inner modula-item-link\"><\/a>\n\t\t\n\t\t<img class=\"pic wp-image-207 lazyload\"  data-valign=\"middle\" data-halign=\"center\" alt=\"Giardini di Ninfa Fiori Piante Lago Sermoneta Caetani\" data-full=\"https:\/\/www.marcopalombo.it\/photo\/wp-content\/uploads\/2020\/10\/7-6.jpg\" title=\"Giardini di Ninfa\" width=\"300\" height=\"196\" data-src=\"https:\/\/www.marcopalombo.it\/photo\/wp-content\/uploads\/2020\/10\/7-6-300x196.jpg\" data-caption=\"\" data-source=\"modula\" data-srcset=\"https:\/\/www.marcopalombo.it\/photo\/wp-content\/uploads\/2020\/10\/7-6.jpg 1920w, https:\/\/www.marcopalombo.it\/photo\/wp-content\/uploads\/2020\/10\/7-6-300x196.jpg 300w, https:\/\/www.marcopalombo.it\/photo\/wp-content\/uploads\/2020\/10\/7-6-1024x670.jpg 1024w, https:\/\/www.marcopalombo.it\/photo\/wp-content\/uploads\/2020\/10\/7-6-768x503.jpg 768w, https:\/\/www.marcopalombo.it\/photo\/wp-content\/uploads\/2020\/10\/7-6-1536x1006.jpg 1536w, https:\/\/www.marcopalombo.it\/photo\/wp-content\/uploads\/2020\/10\/7-6-1240x812.jpg 1240w, https:\/\/www.marcopalombo.it\/photo\/wp-content\/uploads\/2020\/10\/7-6-508x333.jpg 508w\" data-sizes=\"(max-width: 300px) 100vw, 300px\" \/>\n\t<\/div>\n\n<\/div><div class=\"modula-item\" data-width=\"5\" data-height=\"4\" >\n\t<div class=\"modula-item-content\">\n\t\t\n\t\t\t\t\t<a data-image-id=\"214\" rel=\"jtg-244\" data-caption=\"\" aria-label=\"Open image in lightbox\" class=\"tile-inner modula-item-link\"><\/a>\n\t\t\n\t\t<img class=\"pic wp-image-214 lazyload\"  data-valign=\"middle\" data-halign=\"center\" alt=\"Giardini di Ninfa Fiori Piante Lago Sermoneta Caetani\" data-full=\"https:\/\/www.marcopalombo.it\/photo\/wp-content\/uploads\/2020\/10\/14-3.jpg\" title=\"Giardini di Ninfa\" width=\"300\" height=\"199\" data-src=\"https:\/\/www.marcopalombo.it\/photo\/wp-content\/uploads\/2020\/10\/14-3-300x199.jpg\" data-caption=\"\" data-source=\"modula\" data-srcset=\"https:\/\/www.marcopalombo.it\/photo\/wp-content\/uploads\/2020\/10\/14-3.jpg 1920w, https:\/\/www.marcopalombo.it\/photo\/wp-content\/uploads\/2020\/10\/14-3-300x199.jpg 300w, https:\/\/www.marcopalombo.it\/photo\/wp-content\/uploads\/2020\/10\/14-3-1024x678.jpg 1024w, https:\/\/www.marcopalombo.it\/photo\/wp-content\/uploads\/2020\/10\/14-3-768x509.jpg 768w, https:\/\/www.marcopalombo.it\/photo\/wp-content\/uploads\/2020\/10\/14-3-1536x1018.jpg 1536w, https:\/\/www.marcopalombo.it\/photo\/wp-content\/uploads\/2020\/10\/14-3-1240x822.jpg 1240w, https:\/\/www.marcopalombo.it\/photo\/wp-content\/uploads\/2020\/10\/14-3-508x337.jpg 508w\" data-sizes=\"(max-width: 300px) 100vw, 300px\" \/>\n\t<\/div>\n\n<\/div><div class=\"modula-item\" data-width=\"5\" data-height=\"5\" >\n\t<div class=\"modula-item-content\">\n\t\t\n\t\t\t\t\t<a data-image-id=\"217\" rel=\"jtg-244\" data-caption=\"\" aria-label=\"Open image in lightbox\" class=\"tile-inner modula-item-link\"><\/a>\n\t\t\n\t\t<img class=\"pic wp-image-217 lazyload\"  data-valign=\"middle\" data-halign=\"center\" alt=\"Giardini di Ninfa Fiori Piante Lago Sermoneta Caetani\" data-full=\"https:\/\/www.marcopalombo.it\/photo\/wp-content\/uploads\/2020\/10\/17-3.jpg\" title=\"Giardini di Ninfa\" width=\"300\" height=\"199\" data-src=\"https:\/\/www.marcopalombo.it\/photo\/wp-content\/uploads\/2020\/10\/17-3-300x199.jpg\" data-caption=\"\" data-source=\"modula\" data-srcset=\"https:\/\/www.marcopalombo.it\/photo\/wp-content\/uploads\/2020\/10\/17-3.jpg 1920w, https:\/\/www.marcopalombo.it\/photo\/wp-content\/uploads\/2020\/10\/17-3-300x199.jpg 300w, https:\/\/www.marcopalombo.it\/photo\/wp-content\/uploads\/2020\/10\/17-3-1024x678.jpg 1024w, https:\/\/www.marcopalombo.it\/photo\/wp-content\/uploads\/2020\/10\/17-3-768x509.jpg 768w, https:\/\/www.marcopalombo.it\/photo\/wp-content\/uploads\/2020\/10\/17-3-1536x1018.jpg 1536w, https:\/\/www.marcopalombo.it\/photo\/wp-content\/uploads\/2020\/10\/17-3-1240x822.jpg 1240w, https:\/\/www.marcopalombo.it\/photo\/wp-content\/uploads\/2020\/10\/17-3-508x337.jpg 508w\" data-sizes=\"(max-width: 300px) 100vw, 300px\" \/>\n\t<\/div>\n\n<\/div><div class=\"modula-item\" data-width=\"7\" data-height=\"2\" >\n\t<div class=\"modula-item-content\">\n\t\t\n\t\t\t\t\t<a data-image-id=\"206\" rel=\"jtg-244\" data-caption=\"\" aria-label=\"Open image in lightbox\" class=\"tile-inner modula-item-link\"><\/a>\n\t\t\n\t\t<img class=\"pic wp-image-206 lazyload\"  data-valign=\"middle\" data-halign=\"center\" alt=\"Giardini di Ninfa Fiori Piante Lago Sermoneta Caetani\" data-full=\"https:\/\/www.marcopalombo.it\/photo\/wp-content\/uploads\/2020\/10\/6-6.jpg\" title=\"Giardini di Ninfa\" width=\"300\" height=\"199\" data-src=\"https:\/\/www.marcopalombo.it\/photo\/wp-content\/uploads\/2020\/10\/6-6-300x199.jpg\" data-caption=\"\" data-source=\"modula\" data-srcset=\"https:\/\/www.marcopalombo.it\/photo\/wp-content\/uploads\/2020\/10\/6-6.jpg 1920w, https:\/\/www.marcopalombo.it\/photo\/wp-content\/uploads\/2020\/10\/6-6-300x199.jpg 300w, https:\/\/www.marcopalombo.it\/photo\/wp-content\/uploads\/2020\/10\/6-6-1024x678.jpg 1024w, https:\/\/www.marcopalombo.it\/photo\/wp-content\/uploads\/2020\/10\/6-6-768x509.jpg 768w, https:\/\/www.marcopalombo.it\/photo\/wp-content\/uploads\/2020\/10\/6-6-1536x1018.jpg 1536w, https:\/\/www.marcopalombo.it\/photo\/wp-content\/uploads\/2020\/10\/6-6-1240x822.jpg 1240w, https:\/\/www.marcopalombo.it\/photo\/wp-content\/uploads\/2020\/10\/6-6-508x337.jpg 508w\" data-sizes=\"(max-width: 300px) 100vw, 300px\" \/>\n\t<\/div>\n\n<\/div><div class=\"modula-item\" data-width=\"7\" data-height=\"2\" >\n\t<div class=\"modula-item-content\">\n\t\t\n\t\t\t\t\t<a data-image-id=\"215\" rel=\"jtg-244\" data-caption=\"\" aria-label=\"Open image in lightbox\" class=\"tile-inner modula-item-link\"><\/a>\n\t\t\n\t\t<img class=\"pic wp-image-215 lazyload\"  data-valign=\"middle\" data-halign=\"center\" alt=\"Giardini di Ninfa Fiori Piante Lago Sermoneta Caetani\" data-full=\"https:\/\/www.marcopalombo.it\/photo\/wp-content\/uploads\/2020\/10\/15-3.jpg\" title=\"Giardini di Ninfa\" width=\"300\" height=\"199\" data-src=\"https:\/\/www.marcopalombo.it\/photo\/wp-content\/uploads\/2020\/10\/15-3-300x199.jpg\" data-caption=\"\" data-source=\"modula\" data-srcset=\"https:\/\/www.marcopalombo.it\/photo\/wp-content\/uploads\/2020\/10\/15-3.jpg 1920w, https:\/\/www.marcopalombo.it\/photo\/wp-content\/uploads\/2020\/10\/15-3-300x199.jpg 300w, https:\/\/www.marcopalombo.it\/photo\/wp-content\/uploads\/2020\/10\/15-3-1024x678.jpg 1024w, https:\/\/www.marcopalombo.it\/photo\/wp-content\/uploads\/2020\/10\/15-3-768x509.jpg 768w, https:\/\/www.marcopalombo.it\/photo\/wp-content\/uploads\/2020\/10\/15-3-1536x1018.jpg 1536w, https:\/\/www.marcopalombo.it\/photo\/wp-content\/uploads\/2020\/10\/15-3-1240x822.jpg 1240w, https:\/\/www.marcopalombo.it\/photo\/wp-content\/uploads\/2020\/10\/15-3-508x337.jpg 508w\" data-sizes=\"(max-width: 300px) 100vw, 300px\" \/>\n\t<\/div>\n\n<\/div><div class=\"modula-item\" data-width=\"7\" data-height=\"3\" >\n\t<div class=\"modula-item-content\">\n\t\t\n\t\t\t\t\t<a data-image-id=\"209\" rel=\"jtg-244\" data-caption=\"\" aria-label=\"Open image in lightbox\" class=\"tile-inner modula-item-link\"><\/a>\n\t\t\n\t\t<img class=\"pic wp-image-209 lazyload\"  data-valign=\"middle\" data-halign=\"center\" alt=\"Giardini di Ninfa Fiori Piante Lago Sermoneta Caetani\" data-full=\"https:\/\/www.marcopalombo.it\/photo\/wp-content\/uploads\/2020\/10\/9-6.jpg\" title=\"Giardini di Ninfa\" width=\"300\" height=\"199\" data-src=\"https:\/\/www.marcopalombo.it\/photo\/wp-content\/uploads\/2020\/10\/9-6-300x199.jpg\" data-caption=\"\" data-source=\"modula\" data-srcset=\"https:\/\/www.marcopalombo.it\/photo\/wp-content\/uploads\/2020\/10\/9-6.jpg 1920w, https:\/\/www.marcopalombo.it\/photo\/wp-content\/uploads\/2020\/10\/9-6-300x199.jpg 300w, https:\/\/www.marcopalombo.it\/photo\/wp-content\/uploads\/2020\/10\/9-6-1024x678.jpg 1024w, https:\/\/www.marcopalombo.it\/photo\/wp-content\/uploads\/2020\/10\/9-6-768x509.jpg 768w, https:\/\/www.marcopalombo.it\/photo\/wp-content\/uploads\/2020\/10\/9-6-1536x1018.jpg 1536w, https:\/\/www.marcopalombo.it\/photo\/wp-content\/uploads\/2020\/10\/9-6-1240x822.jpg 1240w, https:\/\/www.marcopalombo.it\/photo\/wp-content\/uploads\/2020\/10\/9-6-508x337.jpg 508w\" data-sizes=\"(max-width: 300px) 100vw, 300px\" \/>\n\t<\/div>\n\n<\/div><div class=\"modula-item\" data-width=\"5\" data-height=\"3\" >\n\t<div class=\"modula-item-content\">\n\t\t\n\t\t\t\t\t<a data-image-id=\"216\" rel=\"jtg-244\" data-caption=\"\" aria-label=\"Open image in lightbox\" class=\"tile-inner modula-item-link\"><\/a>\n\t\t\n\t\t<img class=\"pic wp-image-216 lazyload\"  data-valign=\"middle\" data-halign=\"center\" alt=\"Giardini di Ninfa Fiori Piante Lago Sermoneta Caetani\" data-full=\"https:\/\/www.marcopalombo.it\/photo\/wp-content\/uploads\/2020\/10\/16-3.jpg\" title=\"Giardini di Ninfa\" width=\"300\" height=\"199\" data-src=\"https:\/\/www.marcopalombo.it\/photo\/wp-content\/uploads\/2020\/10\/16-3-300x199.jpg\" data-caption=\"\" data-source=\"modula\" data-srcset=\"https:\/\/www.marcopalombo.it\/photo\/wp-content\/uploads\/2020\/10\/16-3.jpg 1920w, https:\/\/www.marcopalombo.it\/photo\/wp-content\/uploads\/2020\/10\/16-3-300x199.jpg 300w, https:\/\/www.marcopalombo.it\/photo\/wp-content\/uploads\/2020\/10\/16-3-1024x678.jpg 1024w, https:\/\/www.marcopalombo.it\/photo\/wp-content\/uploads\/2020\/10\/16-3-768x509.jpg 768w, https:\/\/www.marcopalombo.it\/photo\/wp-content\/uploads\/2020\/10\/16-3-1536x1018.jpg 1536w, https:\/\/www.marcopalombo.it\/photo\/wp-content\/uploads\/2020\/10\/16-3-1240x822.jpg 1240w, https:\/\/www.marcopalombo.it\/photo\/wp-content\/uploads\/2020\/10\/16-3-508x337.jpg 508w\" data-sizes=\"(max-width: 300px) 100vw, 300px\" \/>\n\t<\/div>\n\n<\/div><div class=\"modula-item\" data-width=\"12\" data-height=\"7\" >\n\t<div class=\"modula-item-content\">\n\t\t\n\t\t\t\t\t<a data-image-id=\"218\" rel=\"jtg-244\" data-caption=\"\" aria-label=\"Open image in lightbox\" class=\"tile-inner modula-item-link\"><\/a>\n\t\t\n\t\t<img class=\"pic wp-image-218 lazyload\"  data-valign=\"middle\" data-halign=\"center\" alt=\"Giardini di Ninfa Fiori Piante Lago Sermoneta Caetani\" data-full=\"https:\/\/www.marcopalombo.it\/photo\/wp-content\/uploads\/2020\/10\/18-3.jpg\" title=\"Giardini di Ninfa\" width=\"300\" height=\"199\" data-src=\"https:\/\/www.marcopalombo.it\/photo\/wp-content\/uploads\/2020\/10\/18-3-300x199.jpg\" data-caption=\"\" data-source=\"modula\" data-srcset=\"https:\/\/www.marcopalombo.it\/photo\/wp-content\/uploads\/2020\/10\/18-3.jpg 1920w, https:\/\/www.marcopalombo.it\/photo\/wp-content\/uploads\/2020\/10\/18-3-300x199.jpg 300w, https:\/\/www.marcopalombo.it\/photo\/wp-content\/uploads\/2020\/10\/18-3-1024x678.jpg 1024w, https:\/\/www.marcopalombo.it\/photo\/wp-content\/uploads\/2020\/10\/18-3-768x509.jpg 768w, https:\/\/www.marcopalombo.it\/photo\/wp-content\/uploads\/2020\/10\/18-3-1536x1018.jpg 1536w, https:\/\/www.marcopalombo.it\/photo\/wp-content\/uploads\/2020\/10\/18-3-1240x822.jpg 1240w, https:\/\/www.marcopalombo.it\/photo\/wp-content\/uploads\/2020\/10\/18-3-508x337.jpg 508w\" data-sizes=\"(max-width: 300px) 100vw, 300px\" \/>\n\t<\/div>\n\n<\/div>\t\t\n\t<\/div>\n\n\t\n\t\n\t<script type=\"application\/ld+json\">\n\t{\n\t\t\"@context\": \"http:\/\/schema.org\",\n\t\t\"@type\"   : \"ImageGallery\",\n\t\t\"id\"      : \"https:\/\/www.marcopalombo.it\/photo\/wp-json\/wp\/v2\/posts\/245\",\n\t\t\"url\"     : \"https:\/\/www.marcopalombo.it\/photo\/wp-json\/wp\/v2\/posts\/245\"\n\t}\n\n    <\/script>\n\n\t\n<\/div><br \/>\n<!-- Global site tag (gtag.js) - Google Analytics --><br \/>\n<script async src=\"https:\/\/www.googletagmanager.com\/gtag\/js?id=UA-11732017-1\"><\/script><br \/>\n<script>\n  window.dataLayer = window.dataLayer || [];\n  function gtag(){dataLayer.push(arguments);}\n  gtag('js', new Date());<\/p>\n<p>  gtag('config', 'UA-11732017-1');\n<\/script><\/p>\n<div class=\"wp-socializer wpsr-share-icons\" data-lg-action=\"show\" data-sm-action=\"show\" data-sm-width=\"768\"><div class=\"wpsr-si-inner\"><div class=\"socializer sr-popup sr-40px sr-drop sr-rotate sr-pad\"><span class=\"sr-facebook\"><a data-id=\"facebook\" style=\"color:#ffffff;\" rel=\"nofollow\" href=\"https:\/\/www.facebook.com\/share.php?u=\" target=\"_blank\" title=\"Share this on Facebook\"><i class=\"fab fa-facebook-f\"><\/i><\/a><\/span>\n<span class=\"sr-twitter\"><a data-id=\"twitter\" style=\"color:#ffffff;\" rel=\"nofollow\" href=\"https:\/\/twitter.com\/intent\/tweet?text=%20-%20%20\" target=\"_blank\" title=\"Tweet this !\"><i class=\"fab fa-twitter\"><\/i><\/a><\/span>\n<span class=\"sr-whatsapp\"><a data-mobile=\"whatsapp:\/\/send?text=%20-%20\" data-id=\"whatsapp\" style=\"color:#ffffff;\" rel=\"nofollow\" href=\"https:\/\/api.whatsapp.com\/send?text=%20\" target=\"_blank\" title=\"WhatsApp\"><i class=\"fab fa-whatsapp\"><\/i><\/a><\/span>\n<span class=\"sr-share-menu\"><a href=\"#\" target=\"_blank\" title=\"More share links\" style=\"color:#ffffff;\" data-metadata=\"{&quot;url&quot;:&quot;&quot;,&quot;title&quot;:&quot;&quot;,&quot;excerpt&quot;:&quot;&quot;,&quot;image&quot;:&quot;&quot;,&quot;short-url&quot;:&quot;&quot;,&quot;rss-url&quot;:&quot;https:\\\/\\\/www.marcopalombo.it\\\/photo\\\/feed\\\/&quot;,&quot;comments-section&quot;:&quot;comments&quot;,&quot;raw-url&quot;:null,&quot;twitter-username&quot;:&quot;&quot;,&quot;fb-app-id&quot;:&quot;&quot;,&quot;fb-app-secret&quot;:&quot;&quot;}\"><i class=\"fa fa-plus\"><\/i><\/a><\/span><\/div><\/div><\/div>","protected":false},"excerpt":{"rendered":"<p>Il paese di Ninfa, il cui nome sembra derivare da un tempio di et\u00e0 classica dedicato alle Ninfe, presente su un isolotto del piccolo lago, doveva esistere gi\u00e0 durante l&#8217;epoca romana, ma si trattava di un piccolo centro agricolo. Durante la met\u00e0 dell&#8217;VIII secolo papa Zaccaria ebbe in dono da Costantino V Copronimo, in segno [&hellip;]<\/p>\n","protected":false},"author":2,"featured_media":217,"comment_status":"open","ping_status":"open","sticky":false,"template":"","format":"standard","meta":{"footnotes":""},"categories":[13,1,16,6,7],"tags":[],"yoast_head":"<!-- This site is optimized with the Yoast SEO plugin v22.3 - https:\/\/yoast.com\/wordpress\/plugins\/seo\/ -->\n<title>Giardino di Ninfa - .:Barko&#039;s Photo:.<\/title>\n<meta name=\"robots\" content=\"index, follow, max-snippet:-1, max-image-preview:large, max-video-preview:-1\" \/>\n<link rel=\"canonical\" href=\"https:\/\/www.marcopalombo.it\/photo\/giardino-di-ninfa\/\" \/>\n<meta property=\"og:locale\" content=\"it_IT\" \/>\n<meta property=\"og:type\" content=\"article\" \/>\n<meta property=\"og:title\" content=\"Giardino di Ninfa - .:Barko&#039;s Photo:.\" \/>\n<meta property=\"og:description\" content=\"Il paese di Ninfa, il cui nome sembra derivare da un tempio di et\u00e0 classica dedicato alle Ninfe, presente su un isolotto del piccolo lago, doveva esistere gi\u00e0 durante l&#8217;epoca romana, ma si trattava di un piccolo centro agricolo. Durante la met\u00e0 dell&#8217;VIII secolo papa Zaccaria ebbe in dono da Costantino V Copronimo, in segno [&hellip;]\" \/>\n<meta property=\"og:url\" content=\"https:\/\/www.marcopalombo.it\/photo\/giardino-di-ninfa\/\" \/>\n<meta property=\"og:site_name\" content=\".:Barko&#039;s Photo:.\" \/>\n<meta property=\"article:published_time\" content=\"2011-04-25T07:00:34+00:00\" \/>\n<meta property=\"article:modified_time\" content=\"2020-10-11T14:04:34+00:00\" \/>\n<meta property=\"og:image\" content=\"https:\/\/www.marcopalombo.it\/photo\/wp-content\/uploads\/2020\/10\/17-3.jpg\" \/>\n\t<meta property=\"og:image:width\" content=\"1920\" \/>\n\t<meta property=\"og:image:height\" content=\"1272\" \/>\n\t<meta property=\"og:image:type\" content=\"image\/jpeg\" \/>\n<meta name=\"author\" content=\"admin\" \/>\n<meta name=\"twitter:card\" content=\"summary_large_image\" \/>\n<meta name=\"twitter:label1\" content=\"Scritto da\" \/>\n\t<meta name=\"twitter:data1\" content=\"admin\" \/>\n\t<meta name=\"twitter:label2\" content=\"Tempo di lettura stimato\" \/>\n\t<meta name=\"twitter:data2\" content=\"1 minuto\" \/>\n<script type=\"application\/ld+json\" class=\"yoast-schema-graph\">{\"@context\":\"https:\/\/schema.org\",\"@graph\":[{\"@type\":\"WebPage\",\"@id\":\"https:\/\/www.marcopalombo.it\/photo\/giardino-di-ninfa\/\",\"url\":\"https:\/\/www.marcopalombo.it\/photo\/giardino-di-ninfa\/\",\"name\":\"Giardino di Ninfa - .:Barko&#039;s Photo:.\",\"isPartOf\":{\"@id\":\"https:\/\/www.marcopalombo.it\/photo\/#website\"},\"primaryImageOfPage\":{\"@id\":\"https:\/\/www.marcopalombo.it\/photo\/giardino-di-ninfa\/#primaryimage\"},\"image\":{\"@id\":\"https:\/\/www.marcopalombo.it\/photo\/giardino-di-ninfa\/#primaryimage\"},\"thumbnailUrl\":\"https:\/\/www.marcopalombo.it\/photo\/wp-content\/uploads\/2020\/10\/17-3.jpg\",\"datePublished\":\"2011-04-25T07:00:34+00:00\",\"dateModified\":\"2020-10-11T14:04:34+00:00\",\"author\":{\"@id\":\"https:\/\/www.marcopalombo.it\/photo\/#\/schema\/person\/6da9419149c3503ea74f53cf455c260e\"},\"breadcrumb\":{\"@id\":\"https:\/\/www.marcopalombo.it\/photo\/giardino-di-ninfa\/#breadcrumb\"},\"inLanguage\":\"it-IT\",\"potentialAction\":[{\"@type\":\"ReadAction\",\"target\":[\"https:\/\/www.marcopalombo.it\/photo\/giardino-di-ninfa\/\"]}]},{\"@type\":\"ImageObject\",\"inLanguage\":\"it-IT\",\"@id\":\"https:\/\/www.marcopalombo.it\/photo\/giardino-di-ninfa\/#primaryimage\",\"url\":\"https:\/\/www.marcopalombo.it\/photo\/wp-content\/uploads\/2020\/10\/17-3.jpg\",\"contentUrl\":\"https:\/\/www.marcopalombo.it\/photo\/wp-content\/uploads\/2020\/10\/17-3.jpg\",\"width\":1920,\"height\":1272},{\"@type\":\"BreadcrumbList\",\"@id\":\"https:\/\/www.marcopalombo.it\/photo\/giardino-di-ninfa\/#breadcrumb\",\"itemListElement\":[{\"@type\":\"ListItem\",\"position\":1,\"name\":\"Home\",\"item\":\"https:\/\/www.marcopalombo.it\/photo\/\"},{\"@type\":\"ListItem\",\"position\":2,\"name\":\"Giardino di Ninfa\"}]},{\"@type\":\"WebSite\",\"@id\":\"https:\/\/www.marcopalombo.it\/photo\/#website\",\"url\":\"https:\/\/www.marcopalombo.it\/photo\/\",\"name\":\".:Barko&#039;s Photo:.\",\"description\":\"\",\"potentialAction\":[{\"@type\":\"SearchAction\",\"target\":{\"@type\":\"EntryPoint\",\"urlTemplate\":\"https:\/\/www.marcopalombo.it\/photo\/?s={search_term_string}\"},\"query-input\":\"required name=search_term_string\"}],\"inLanguage\":\"it-IT\"},{\"@type\":\"Person\",\"@id\":\"https:\/\/www.marcopalombo.it\/photo\/#\/schema\/person\/6da9419149c3503ea74f53cf455c260e\",\"name\":\"admin\",\"image\":{\"@type\":\"ImageObject\",\"inLanguage\":\"it-IT\",\"@id\":\"https:\/\/www.marcopalombo.it\/photo\/#\/schema\/person\/image\/\",\"url\":\"https:\/\/secure.gravatar.com\/avatar\/bd3bbaaa9ef3923306455025120e37a2?s=96&d=mm&r=g\",\"contentUrl\":\"https:\/\/secure.gravatar.com\/avatar\/bd3bbaaa9ef3923306455025120e37a2?s=96&d=mm&r=g\",\"caption\":\"admin\"},\"url\":\"https:\/\/www.marcopalombo.it\/photo\/author\/admin-2\/\"}]}<\/script>\n<!-- \/ Yoast SEO plugin. -->","yoast_head_json":{"title":"Giardino di Ninfa - .:Barko&#039;s Photo:.","robots":{"index":"index","follow":"follow","max-snippet":"max-snippet:-1","max-image-preview":"max-image-preview:large","max-video-preview":"max-video-preview:-1"},"canonical":"https:\/\/www.marcopalombo.it\/photo\/giardino-di-ninfa\/","og_locale":"it_IT","og_type":"article","og_title":"Giardino di Ninfa - .:Barko&#039;s Photo:.","og_description":"Il paese di Ninfa, il cui nome sembra derivare da un tempio di et\u00e0 classica dedicato alle Ninfe, presente su un isolotto del piccolo lago, doveva esistere gi\u00e0 durante l&#8217;epoca romana, ma si trattava di un piccolo centro agricolo. Durante la met\u00e0 dell&#8217;VIII secolo papa Zaccaria ebbe in dono da Costantino V Copronimo, in segno [&hellip;]","og_url":"https:\/\/www.marcopalombo.it\/photo\/giardino-di-ninfa\/","og_site_name":".:Barko&#039;s Photo:.","article_published_time":"2011-04-25T07:00:34+00:00","article_modified_time":"2020-10-11T14:04:34+00:00","og_image":[{"width":1920,"height":1272,"url":"https:\/\/www.marcopalombo.it\/photo\/wp-content\/uploads\/2020\/10\/17-3.jpg","type":"image\/jpeg"}],"author":"admin","twitter_card":"summary_large_image","twitter_misc":{"Scritto da":"admin","Tempo di lettura stimato":"1 minuto"},"schema":{"@context":"https:\/\/schema.org","@graph":[{"@type":"WebPage","@id":"https:\/\/www.marcopalombo.it\/photo\/giardino-di-ninfa\/","url":"https:\/\/www.marcopalombo.it\/photo\/giardino-di-ninfa\/","name":"Giardino di Ninfa - .:Barko&#039;s Photo:.","isPartOf":{"@id":"https:\/\/www.marcopalombo.it\/photo\/#website"},"primaryImageOfPage":{"@id":"https:\/\/www.marcopalombo.it\/photo\/giardino-di-ninfa\/#primaryimage"},"image":{"@id":"https:\/\/www.marcopalombo.it\/photo\/giardino-di-ninfa\/#primaryimage"},"thumbnailUrl":"https:\/\/www.marcopalombo.it\/photo\/wp-content\/uploads\/2020\/10\/17-3.jpg","datePublished":"2011-04-25T07:00:34+00:00","dateModified":"2020-10-11T14:04:34+00:00","author":{"@id":"https:\/\/www.marcopalombo.it\/photo\/#\/schema\/person\/6da9419149c3503ea74f53cf455c260e"},"breadcrumb":{"@id":"https:\/\/www.marcopalombo.it\/photo\/giardino-di-ninfa\/#breadcrumb"},"inLanguage":"it-IT","potentialAction":[{"@type":"ReadAction","target":["https:\/\/www.marcopalombo.it\/photo\/giardino-di-ninfa\/"]}]},{"@type":"ImageObject","inLanguage":"it-IT","@id":"https:\/\/www.marcopalombo.it\/photo\/giardino-di-ninfa\/#primaryimage","url":"https:\/\/www.marcopalombo.it\/photo\/wp-content\/uploads\/2020\/10\/17-3.jpg","contentUrl":"https:\/\/www.marcopalombo.it\/photo\/wp-content\/uploads\/2020\/10\/17-3.jpg","width":1920,"height":1272},{"@type":"BreadcrumbList","@id":"https:\/\/www.marcopalombo.it\/photo\/giardino-di-ninfa\/#breadcrumb","itemListElement":[{"@type":"ListItem","position":1,"name":"Home","item":"https:\/\/www.marcopalombo.it\/photo\/"},{"@type":"ListItem","position":2,"name":"Giardino di Ninfa"}]},{"@type":"WebSite","@id":"https:\/\/www.marcopalombo.it\/photo\/#website","url":"https:\/\/www.marcopalombo.it\/photo\/","name":".:Barko&#039;s Photo:.","description":"","potentialAction":[{"@type":"SearchAction","target":{"@type":"EntryPoint","urlTemplate":"https:\/\/www.marcopalombo.it\/photo\/?s={search_term_string}"},"query-input":"required name=search_term_string"}],"inLanguage":"it-IT"},{"@type":"Person","@id":"https:\/\/www.marcopalombo.it\/photo\/#\/schema\/person\/6da9419149c3503ea74f53cf455c260e","name":"admin","image":{"@type":"ImageObject","inLanguage":"it-IT","@id":"https:\/\/www.marcopalombo.it\/photo\/#\/schema\/person\/image\/","url":"https:\/\/secure.gravatar.com\/avatar\/bd3bbaaa9ef3923306455025120e37a2?s=96&d=mm&r=g","contentUrl":"https:\/\/secure.gravatar.com\/avatar\/bd3bbaaa9ef3923306455025120e37a2?s=96&d=mm&r=g","caption":"admin"},"url":"https:\/\/www.marcopalombo.it\/photo\/author\/admin-2\/"}]}},"_links":{"self":[{"href":"https:\/\/www.marcopalombo.it\/photo\/wp-json\/wp\/v2\/posts\/245"}],"collection":[{"href":"https:\/\/www.marcopalombo.it\/photo\/wp-json\/wp\/v2\/posts"}],"about":[{"href":"https:\/\/www.marcopalombo.it\/photo\/wp-json\/wp\/v2\/types\/post"}],"author":[{"embeddable":true,"href":"https:\/\/www.marcopalombo.it\/photo\/wp-json\/wp\/v2\/users\/2"}],"replies":[{"embeddable":true,"href":"https:\/\/www.marcopalombo.it\/photo\/wp-json\/wp\/v2\/comments?post=245"}],"version-history":[{"count":8,"href":"https:\/\/www.marcopalombo.it\/photo\/wp-json\/wp\/v2\/posts\/245\/revisions"}],"predecessor-version":[{"id":414,"href":"https:\/\/www.marcopalombo.it\/photo\/wp-json\/wp\/v2\/posts\/245\/revisions\/414"}],"wp:featuredmedia":[{"embeddable":true,"href":"https:\/\/www.marcopalombo.it\/photo\/wp-json\/wp\/v2\/media\/217"}],"wp:attachment":[{"href":"https:\/\/www.marcopalombo.it\/photo\/wp-json\/wp\/v2\/media?parent=245"}],"wp:term":[{"taxonomy":"category","embeddable":true,"href":"https:\/\/www.marcopalombo.it\/photo\/wp-json\/wp\/v2\/categories?post=245"},{"taxonomy":"post_tag","embeddable":true,"href":"https:\/\/www.marcopalombo.it\/photo\/wp-json\/wp\/v2\/tags?post=245"}],"curies":[{"name":"wp","href":"https:\/\/api.w.org\/{rel}","templated":true}]}}